{"id":2866,"date":"2012-11-19T12:55:06","date_gmt":"2012-11-19T12:55:06","guid":{"rendered":"http:\/\/financialred.cl\/?p=19"},"modified":"2024-09-24T15:21:06","modified_gmt":"2024-09-24T18:21:06","slug":"crecimiento-de-la-economia-en-el-tercer-trimestre-de-2012","status":"publish","type":"post","link":"https:\/\/quieromibeca.com\/chile\/crecimiento-de-la-economia-en-el-tercer-trimestre-de-2012\/","title":{"rendered":"Crecimiento de la Economia en el tercer trimestre de 2012"},"content":{"rendered":"<div id=\"ez-toc-container\" class=\"ez-toc-v2_0_82_2 counter-hierarchy ez-toc-counter ez-toc-grey ez-toc-container-direction\">\n<div class=\"ez-toc-title-container\">\n<p class=\"ez-toc-title\" style=\"cursor:inherit\">Table of Contents<\/p>\n<span class=\"ez-toc-title-toggle\"><a href=\"#\" class=\"ez-toc-pull-right ez-toc-btn ez-toc-btn-xs ez-toc-btn-default ez-toc-toggle\" aria-label=\"Toggle Table of Content\"><span class=\"ez-toc-js-icon-con\"><span class=\"\"><span class=\"eztoc-hide\" style=\"display:none;\">Toggle<\/span><span class=\"ez-toc-icon-toggle-span\"><svg style=\"fill: #999;color:#999\" xmlns=\"http:\/\/www.w3.org\/2000\/svg\" class=\"list-377408\" width=\"20px\" height=\"20px\" viewBox=\"0 0 24 24\" fill=\"none\"><path d=\"M6 6H4v2h2V6zm14 0H8v2h12V6zM4 11h2v2H4v-2zm16 0H8v2h12v-2zM4 16h2v2H4v-2zm16 0H8v2h12v-2z\" fill=\"currentColor\"><\/path><\/svg><svg style=\"fill: #999;color:#999\" class=\"arrow-unsorted-368013\" xmlns=\"http:\/\/www.w3.org\/2000\/svg\" width=\"10px\" height=\"10px\" viewBox=\"0 0 24 24\" version=\"1.2\" baseProfile=\"tiny\"><path d=\"M18.2 9.3l-6.2-6.3-6.2 6.3c-.2.2-.3.4-.3.7s.1.5.3.7c.2.2.4.3.7.3h11c.3 0 .5-.1.7-.3.2-.2.3-.5.3-.7s-.1-.5-.3-.7zM5.8 14.7l6.2 6.3 6.2-6.3c.2-.2.3-.5.3-.7s-.1-.5-.3-.7c-.2-.2-.4-.3-.7-.3h-11c-.3 0-.5.1-.7.3-.2.2-.3.5-.3.7s.1.5.3.7z\"\/><\/svg><\/span><\/span><\/span><\/a><\/span><\/div>\n<nav><ul class='ez-toc-list ez-toc-list-level-1 ' ><li class='ez-toc-page-1 ez-toc-heading-level-3'><a class=\"ez-toc-link ez-toc-heading-1\" href=\"https:\/\/quieromibeca.com\/chile\/crecimiento-de-la-economia-en-el-tercer-trimestre-de-2012\/#La_economia_chilena_sigue_dando_muestras_de_fortaleza_en_este_2012_Los_datos_del_crecimiento_del_PIB_en_el_tercer_trimestre_de_2012_asi_lo_demuestran\" >La econom\u00eda chilena sigue dando muestras de fortaleza en este 2012. Los datos del crecimiento del PIB en el tercer trimestre de 2012 asi lo demuestran.<\/a><\/li><li class='ez-toc-page-1 ez-toc-heading-level-3'><a class=\"ez-toc-link ez-toc-heading-2\" href=\"https:\/\/quieromibeca.com\/chile\/crecimiento-de-la-economia-en-el-tercer-trimestre-de-2012\/#Perspectivas_de_crecimiento_de_Chile_en_2012\" >Perspectivas de crecimiento de Chile en 2012<\/a><\/li><\/ul><\/nav><\/div>\n<h3><span class=\"ez-toc-section\" id=\"La_economia_chilena_sigue_dando_muestras_de_fortaleza_en_este_2012_Los_datos_del_crecimiento_del_PIB_en_el_tercer_trimestre_de_2012_asi_lo_demuestran\"><\/span>La econom\u00eda chilena sigue dando muestras de fortaleza en este 2012. Los datos del crecimiento del PIB en el tercer trimestre de 2012 asi lo demuestran.<span class=\"ez-toc-section-end\"><\/span><\/h3>\n<p>El Producto Interno Bruto (PIB) registr\u00f3 un crecimiento <strong>de 5,7% en el tercer trimestre <\/strong>del a\u00f1o frente a igual periodo de 2011, inform\u00f3 el Banco Central, la entidad que lleva estas estad\u00edsticas. La cifra super\u00f3 las expectativas de los analistas que hab\u00edan apostado a una expansi\u00f3n de 5,4% en julio-septiembre.<br \/>\nEstos alentadores datos se desmenuzan en la siguiente informacion, difundida por el Banco Central de Chile:<\/p>\n<ul>\n<li>En los primeros nueve meses del a\u00f1o el Producto Interno Bruto (PIB) acumula un incremento de 5,6%<\/li>\n<li>En t\u00e9rminos desestacionalizados, el PIB aument\u00f3 1,4% con relaci\u00f3n al segundo trimestre del a\u00f1o.<\/li>\n<li>Todas las actividades economicas chilenas crecieron, con excepci\u00f3n de industria y pesca, destacandose como las de mayor incidencia en el resultado global, miner\u00eda, servicios personales, servicios empresariales y comercio.<\/li>\n<li>La demanda interna creci\u00f3 8%, impulsada por el consumo y la inversi\u00f3n. El crecimiento del consumo fue liderado por el gasto de los hogares en bienes y servicios, y el de la inversi\u00f3n, por el componente maquinaria y equipo.<\/li>\n<li>Respecto al comercio exterior, las exportaciones de bienes y servicios anotaron una ca\u00edda, en tanto las importaciones aumentaron.<\/li>\n<li>El ingreso nacional bruto disponible real creci\u00f3 5,1%, incidido por la ca\u00edda de los t\u00e9rminos de intercambio.<\/li>\n<li>El ahorro bruto nominal result\u00f3 igual a 28,6% del PIB, con una tasa de ahorro nacional de 21,2% y un ahorro externo igual a 7,4% del PIB.<\/li>\n<li>La tasa de variaci\u00f3n del PIB para el primer cuarto del a\u00f1o se revis\u00f3 a la baja desde 5,3% a 5,2%; para el segundo, la revisi\u00f3n fue al alza\u00a0 desde 5,5% a 5,7%.<\/li>\n<li>En el caso de la demanda interna, la tasa de crecimiento aument\u00f3 de 4,5% a 4,6% en el primer trimestre, y se redujo de 7,1% a 6,8% en el segundo.<\/li>\n<\/ul>\n<h3><span class=\"ez-toc-section\" id=\"Perspectivas_de_crecimiento_de_Chile_en_2012\"><\/span><strong>Perspectivas de crecimiento de Chile en 2012<\/strong><span class=\"ez-toc-section-end\"><\/span><\/h3>\n<p>Las perspectivas de la econom\u00eda de Chile en este 2012 que est\u00e1 finalizando son buenas. Seg\u00fan un informe emitido hace unos meses por el FMI, la estimaci\u00f3n para el crecimiento de la econom\u00eda chilena este<strong> a\u00f1o se elev\u00f3 en Octubre a 5% desde 4,3% previsto en su informe de abril. <\/strong>Sin embargo, para 2013, el FMI estima que Chile tendr\u00e1 un crecimiento de 4,4%, menor que el 4,5% proyectado por el fondo en abril.<br \/>\nEn cuanto a la inflaci\u00f3n el organismo prev\u00e9 que cerrar\u00e1 el a\u00f1o con un alza de 3,1%, cifra menor al 3,8% proyectado en abril. Para el 2013 el fondo mantuvo su proyecci\u00f3n de 3%. Respecto al desempleo y despu\u00e9s de un \u00edndice de desocupaci\u00f3n de 7,1% para el 2011, el organismo mantiene su cifra para este a\u00f1o en 6,6% y en 6,9% para el 2013.<br \/>\n&nbsp;<\/p>\n","protected":false},"excerpt":{"rendered":"<div class=\"mh-excerpt\"><p>La econom\u00eda chilena sigue dando muestras de fortaleza en este 2012. Los datos del crecimiento del PIB en el tercer trimestre de 2012 asi lo <a class=\"mh-excerpt-more\" href=\"https:\/\/quieromibeca.com\/chile\/crecimiento-de-la-economia-en-el-tercer-trimestre-de-2012\/\" title=\"Crecimiento de la Economia en el tercer trimestre de 2012\">[&#8230;]<\/a><\/p>\n<\/div>","protected":false},"author":1,"featured_media":0,"comment_status":"open","ping_status":"open","sticky":false,"template":"","format":"standard","meta":{"jetpack_post_was_ever_published":false,"_jetpack_newsletter_access":"","_jetpack_dont_email_post_to_subs":false,"_jetpack_newsletter_tier_id":0,"_jetpack_memberships_contains_paywalled_content":false,"_jetpack_memberships_contains_paid_content":false,"footnotes":"","jetpack_publicize_message":"","jetpack_publicize_feature_enabled":true,"jetpack_social_post_already_shared":false,"jetpack_social_options":{"image_generator_settings":{"template":"highway","default_image_id":0,"font":"","enabled":false},"version":2}},"categories":[51,65],"tags":[696,1201,1202],"class_list":["post-2866","post","type-post","status-publish","format-standard","hentry","category-economia","category-portada","tag-economia-chile-2012","tag-pib-chile-2012","tag-pib-chile-2013"],"jetpack_publicize_connections":[],"jetpack_featured_media_url":"","jetpack-related-posts":[{"id":1547,"url":"https:\/\/quieromibeca.com\/chile\/proyeccion-economia-de-chile-a-corto-plazo\/","url_meta":{"origin":2866,"position":0},"title":"Proyeccion economia de Chile a corto plazo","author":"Fabian Sinibaldi","date":"20 agosto, 2014","format":false,"excerpt":"La econom\u00eda de Chile en pleno desaceleramiento registrando el menor crecimiento en los \u00faltimos 5 a\u00f1os, desde 2009. Ya en el segundo trimestre de 2014 si bien subi\u00f3 a 1,9%, fue el alza m\u00e1s baja desde 2009, lo que preocupa al Gobierno de Bachelet y sus reformas econ\u00edmicas y tributaria.\u2026","rel":"","context":"En &quot;Bloggers&quot;","block_context":{"text":"Bloggers","link":"https:\/\/quieromibeca.com\/chile\/category\/bloggers-2\/"},"img":{"alt_text":"","src":"","width":0,"height":0},"classes":[]},{"id":791,"url":"https:\/\/quieromibeca.com\/chile\/pbi-chile-2014\/","url_meta":{"origin":2866,"position":1},"title":"PBI Chile 2014","author":"Fabian Sinibaldi","date":"6 septiembre, 2013","format":false,"excerpt":"El PBI de Chile en 2014, seg\u00fan las proyecciones del FMI debi\u00f3 recortar la proyecci\u00f3n de crecimiento para Chile, aunque no modific\u00f3 la perspectiva para el a\u00f1o 2014. As\u00ed es como en estos meses el Fondo Monetario Internacional (FMI) decidi\u00f3 recortar desde el 4,9% al 4,6% la proyecci\u00f3n de crecimiento\u2026","rel":"","context":"En &quot;Bloggers&quot;","block_context":{"text":"Bloggers","link":"https:\/\/quieromibeca.com\/chile\/category\/bloggers-2\/"},"img":{"alt_text":"","src":"","width":0,"height":0},"classes":[]},{"id":1567,"url":"https:\/\/quieromibeca.com\/chile\/precio-dolar-a-diciembre\/","url_meta":{"origin":2866,"position":2},"title":"Precio D\u00f3lar a Diciembre","author":"Fabian Sinibaldi","date":"27 agosto, 2014","format":false,"excerpt":"Precio Dolar Peso chileno Ante el nuevo m\u00e1ximo marcado por el precio del d\u00f3lar, una parte de los analistas vienen estimando como cerrar\u00e1 el d\u00f3lar en Diciembre, algunos de ellos creen que el precio d\u00f3lar a Diciembre alcanzar\u00eda los $600 a Diciembre. Entre las causas est\u00e1 el posible relajamiento de\u2026","rel":"","context":"En &quot;Bloggers&quot;","block_context":{"text":"Bloggers","link":"https:\/\/quieromibeca.com\/chile\/category\/bloggers-2\/"},"img":{"alt_text":"","src":"","width":0,"height":0},"classes":[]},{"id":1569,"url":"https:\/\/quieromibeca.com\/chile\/tasa-de-desempleo-mayo-julio\/","url_meta":{"origin":2866,"position":3},"title":"Tasa de desempleo Mayo-Julio","author":"Fabian Sinibaldi","date":"27 agosto, 2014","format":false,"excerpt":"La tasa de desempleo de Chile Mayo-Julio se conocer\u00e1 por parte del INE, que informar\u00e1 sobre el desempleo del trimestre Mayo-Junio-Julio 2014, el viernes 29 de Agosto. Por lo que sabr\u00e1 cu\u00e1nto fue la progresi\u00f3n del desempleo en Chile en dicho trimestre. Desempleo Chile: El Instituto Nacional de Estad\u00edsticas (INE)\u2026","rel":"","context":"En &quot;Bloggers&quot;","block_context":{"text":"Bloggers","link":"https:\/\/quieromibeca.com\/chile\/category\/bloggers-2\/"},"img":{"alt_text":"","src":"","width":0,"height":0},"classes":[]},{"id":2886,"url":"https:\/\/quieromibeca.com\/chile\/encuesta-mensual-de-expectativas-economicas-eee-2013\/","url_meta":{"origin":2866,"position":4},"title":"Encuesta Mensual de Expectativas Econ\u00f3micas (EEE) 2013","author":"Fabian Sinibaldi","date":"15 febrero, 2013","format":false,"excerpt":"Una nueva Encuesta Mensual de Expectativas Econ\u00f3micas (EEE) del Banco Central y nuevos datos como conclusi\u00f3n sobre el IPC y dem\u00e1s datos, entre las conclusiones que deja est\u00e1 la que hacen los economistas y estos han elevado la previsi\u00f3n de crecimiento para el a\u00f1o en un (4,9%) en la TPM.\u2026","rel":"","context":"En &quot;Bloggers&quot;","block_context":{"text":"Bloggers","link":"https:\/\/quieromibeca.com\/chile\/category\/bloggers-2\/"},"img":{"alt_text":"","src":"","width":0,"height":0},"classes":[]},{"id":1780,"url":"https:\/\/quieromibeca.com\/chile\/proyeccion-fmi-economia-chile-2015\/","url_meta":{"origin":2866,"position":5},"title":"Proyeccion FMI Economia Chile 2015","author":"Fabian Sinibaldi","date":"24 enero, 2015","format":false,"excerpt":"Con el inicio del nuevo a\u00f1o 2015 ya hay ciertas proyecciones sobre la econom\u00eda de Chile 2015, de parte del FMI. Mientras que en 2014 el Ministro de Hacienda Arenas se\u00f1alaba que \"nadie piensa en Chile que 2015 no va a ser mejor que 2014\", el actual escenario macroecon\u00f3mico de\u2026","rel":"","context":"En &quot;Bloggers&quot;","block_context":{"text":"Bloggers","link":"https:\/\/quieromibeca.com\/chile\/category\/bloggers-2\/"},"img":{"alt_text":"Im\u00e1genes integradas 1","src":"https:\/\/mail.google.com\/mail\/?ui=2&ik=6b88040b0c&view=fimg&th=14b0e023835b99bc&attid=0.1&disp=emb&realattid=ii_14b0e023835b99bc&attbid=ANGjdJ_n2HDm-dH9hXXFy35P5BCYOIeleX408DhzDcXj9PstOT7Ww4hSrSiYkmbNbp3VQeu01DWqL3QPcR-gwCUYSGnFv2P7bBwg-S2Cne7pOSb53JSVi5SA7tACs1U&sz=s0-l75&ats=1421869202004&rm=14b0e023835b99bc&zw","width":350,"height":200},"classes":[]}],"jetpack_sharing_enabled":true,"jetpack_likes_enabled":true,"_links":{"self":[{"href":"https:\/\/quieromibeca.com\/chile\/wp-json\/wp\/v2\/posts\/2866","targetHints":{"allow":["GET"]}}],"collection":[{"href":"https:\/\/quieromibeca.com\/chile\/wp-json\/wp\/v2\/posts"}],"about":[{"href":"https:\/\/quieromibeca.com\/chile\/wp-json\/wp\/v2\/types\/post"}],"author":[{"embeddable":true,"href":"https:\/\/quieromibeca.com\/chile\/wp-json\/wp\/v2\/users\/1"}],"replies":[{"embeddable":true,"href":"https:\/\/quieromibeca.com\/chile\/wp-json\/wp\/v2\/comments?post=2866"}],"version-history":[{"count":2,"href":"https:\/\/quieromibeca.com\/chile\/wp-json\/wp\/v2\/posts\/2866\/revisions"}],"predecessor-version":[{"id":6239,"href":"https:\/\/quieromibeca.com\/chile\/wp-json\/wp\/v2\/posts\/2866\/revisions\/6239"}],"wp:attachment":[{"href":"https:\/\/quieromibeca.com\/chile\/wp-json\/wp\/v2\/media?parent=2866"}],"wp:term":[{"taxonomy":"category","embeddable":true,"href":"https:\/\/quieromibeca.com\/chile\/wp-json\/wp\/v2\/categories?post=2866"},{"taxonomy":"post_tag","embeddable":true,"href":"https:\/\/quieromibeca.com\/chile\/wp-json\/wp\/v2\/tags?post=2866"}],"curies":[{"name":"wp","href":"https:\/\/api.w.org\/{rel}","templated":true}]}}