{"id":2865,"date":"2012-11-16T20:58:08","date_gmt":"2012-11-16T20:58:08","guid":{"rendered":"http:\/\/financialred.cl\/?p=15"},"modified":"2024-09-24T15:21:04","modified_gmt":"2024-09-24T18:21:04","slug":"becas-2013-ultimos-dias-para-postularse-a-becas-y-creditos-en-chile","status":"publish","type":"post","link":"https:\/\/quieromibeca.com\/chile\/becas-2013-ultimos-dias-para-postularse-a-becas-y-creditos-en-chile\/","title":{"rendered":"Becas 2013: Ultimos dias para postularse a becas y cr\u00e9ditos en Chile"},"content":{"rendered":"<div id=\"ez-toc-container\" class=\"ez-toc-v2_0_82_2 counter-hierarchy ez-toc-counter ez-toc-grey ez-toc-container-direction\">\n<div class=\"ez-toc-title-container\">\n<p class=\"ez-toc-title\" style=\"cursor:inherit\">Table of Contents<\/p>\n<span class=\"ez-toc-title-toggle\"><a href=\"#\" class=\"ez-toc-pull-right ez-toc-btn ez-toc-btn-xs ez-toc-btn-default ez-toc-toggle\" aria-label=\"Toggle Table of Content\"><span class=\"ez-toc-js-icon-con\"><span class=\"\"><span class=\"eztoc-hide\" style=\"display:none;\">Toggle<\/span><span class=\"ez-toc-icon-toggle-span\"><svg style=\"fill: #999;color:#999\" xmlns=\"http:\/\/www.w3.org\/2000\/svg\" class=\"list-377408\" width=\"20px\" height=\"20px\" viewBox=\"0 0 24 24\" fill=\"none\"><path d=\"M6 6H4v2h2V6zm14 0H8v2h12V6zM4 11h2v2H4v-2zm16 0H8v2h12v-2zM4 16h2v2H4v-2zm16 0H8v2h12v-2z\" fill=\"currentColor\"><\/path><\/svg><svg style=\"fill: #999;color:#999\" class=\"arrow-unsorted-368013\" xmlns=\"http:\/\/www.w3.org\/2000\/svg\" width=\"10px\" height=\"10px\" viewBox=\"0 0 24 24\" version=\"1.2\" baseProfile=\"tiny\"><path d=\"M18.2 9.3l-6.2-6.3-6.2 6.3c-.2.2-.3.4-.3.7s.1.5.3.7c.2.2.4.3.7.3h11c.3 0 .5-.1.7-.3.2-.2.3-.5.3-.7s-.1-.5-.3-.7zM5.8 14.7l6.2 6.3 6.2-6.3c.2-.2.3-.5.3-.7s-.1-.5-.3-.7c-.2-.2-.4-.3-.7-.3h-11c-.3 0-.5.1-.7.3-.2.2-.3.5-.3.7s.1.5.3.7z\"\/><\/svg><\/span><\/span><\/span><\/a><\/span><\/div>\n<nav><ul class='ez-toc-list ez-toc-list-level-1 ' ><li class='ez-toc-page-1 ez-toc-heading-level-3'><a class=\"ez-toc-link ez-toc-heading-1\" href=\"https:\/\/quieromibeca.com\/chile\/becas-2013-ultimos-dias-para-postularse-a-becas-y-creditos-en-chile\/#Si_bien_la_naturaleza_humana_nos_indica_en_su_mayoria_que_todo_debemos_hacerlo_a_ultimo_momento_lo_cierto_que_esto_no_esta_bien_y_siempre_como_dice_el_refran_%E2%80%9Cal_que_madruga_Dios_lo_ayuda%E2%80%9D\" >Si bien la naturaleza humana nos indica, en su mayoria, que todo debemos hacerlo a \u00faltimo momento, lo cierto que esto no est\u00e1 bien, y siempre, como dice el refr\u00e1n, &#8220;al que madruga, Dios lo ayuda&#8221;.<\/a><\/li><li class='ez-toc-page-1 ez-toc-heading-level-3'><a class=\"ez-toc-link ez-toc-heading-2\" href=\"https:\/\/quieromibeca.com\/chile\/becas-2013-ultimos-dias-para-postularse-a-becas-y-creditos-en-chile\/#Las_razones_del_%C2%BFolvido\" >Las razones del \u00bfolvido?<\/a><\/li><li class='ez-toc-page-1 ez-toc-heading-level-3'><a class=\"ez-toc-link ez-toc-heading-3\" href=\"https:\/\/quieromibeca.com\/chile\/becas-2013-ultimos-dias-para-postularse-a-becas-y-creditos-en-chile\/#Otros_beneficios\" >Otros beneficios<\/a><\/li><li class='ez-toc-page-1 ez-toc-heading-level-3'><a class=\"ez-toc-link ez-toc-heading-4\" href=\"https:\/\/quieromibeca.com\/chile\/becas-2013-ultimos-dias-para-postularse-a-becas-y-creditos-en-chile\/#Becas_2013\" >Becas 2013<\/a><\/li><li class='ez-toc-page-1 ez-toc-heading-level-3'><a class=\"ez-toc-link ez-toc-heading-5\" href=\"https:\/\/quieromibeca.com\/chile\/becas-2013-ultimos-dias-para-postularse-a-becas-y-creditos-en-chile\/#Becas_por_Universidad\" >Becas por Universidad<\/a><\/li><\/ul><\/nav><\/div>\n<h3><span class=\"ez-toc-section\" id=\"Si_bien_la_naturaleza_humana_nos_indica_en_su_mayoria_que_todo_debemos_hacerlo_a_ultimo_momento_lo_cierto_que_esto_no_esta_bien_y_siempre_como_dice_el_refran_%E2%80%9Cal_que_madruga_Dios_lo_ayuda%E2%80%9D\"><\/span>Si bien la naturaleza humana nos indica, en su mayoria, que todo debemos hacerlo a \u00faltimo momento, lo cierto que esto no est\u00e1 bien, y siempre, como dice el refr\u00e1n, &#8220;al que madruga, Dios lo ayuda&#8221;.<span class=\"ez-toc-section-end\"><\/span><\/h3>\n<p>Sin embargo, este no parece ser el refr\u00e1n de cabecera para los postulantes tanto a las <a href=\"http:\/\/becascreditos.cl\/becas-2013.html\" target=\"_blank\" rel=\"noopener\"><strong>Becas en 2013<\/strong><\/a> como a los cr\u00e9ditos con aval del Estado para la financiaci\u00f3n de la educaci\u00f3n superior. A menos de una semana de finalizaci\u00f3n del plazo para realizar la postulaci\u00f3n, <strong>tan solo el 33% de los 234.000 becas y cr\u00e9ditos<\/strong> ofrecidos han sido solicitados por los estudiantes.<br \/>\nQueda menos de una semana para que finalice el plazo de postulaci\u00f3n a las 234 mil becas y cr\u00e9ditos que mencionamos, que dispuso el Ministerio de Educaci\u00f3n para quienes ingresan en 2013 a la educaci\u00f3n superior, y los crudos n\u00fameros nos muestran que s\u00f3lo 77.133 j\u00f3venes han realizado este tr\u00e1mite. Esta cifra representa apenas el 32,9% de la oferta disponible, cuesti\u00f3n que preocupa a las autoridades del Mineduc.<\/p>\n<h3><span class=\"ez-toc-section\" id=\"Las_razones_del_%C2%BFolvido\"><\/span><strong>Las razones del \u00bfolvido?<\/strong><span class=\"ez-toc-section-end\"><\/span><\/h3>\n<p>Seg\u00fan lo que dicen responsables del \u00e1rea de Educacion Superior del Mineduc, la explicaci\u00f3n podr\u00eda tener que ver con que los j\u00f3venes han dejado para \u00faltima hora la realizaci\u00f3n de sus tr\u00e1mites. No hay que ser demasiado inteligente como para pensar en esta raz\u00f3n&#8230;<br \/>\nOtra de las explicaciones que se plantea el ministerio es que la campa\u00f1a comenz\u00f3 durante el fin de semana largo del 1 de noviembre. Esto le quit\u00f3 visibilidad al proceso, porque tuvimos al menos cuatro d\u00edas de distracci\u00f3n. A esto se suma que la atenci\u00f3n medi\u00e1tica se ha concentrado en la meningitis durante los \u00faltimos d\u00edas, lo que a juicio de las autoridades de Educaci\u00f3n ha restado importancia al proceso de postulaci\u00f3n a las ayudas que entrega el Estado.<br \/>\nPero la raz\u00f3n m\u00e1s preocupante de todas, y a la vez, la m\u00e1s creible a esta altura, es que las estad\u00edsticas evidencian que se est\u00e1 registrando tambi\u00e9n una baja de un 21,1% en el n\u00famero de postulantes en comparaci\u00f3n a igual fecha del a\u00f1o pasado, puesto a que a estas alturas del proceso ya hab\u00edan 97.840 interesados.<\/p>\n<h3><span class=\"ez-toc-section\" id=\"Otros_beneficios\"><\/span><strong>Otros beneficios<\/strong><span class=\"ez-toc-section-end\"><\/span><\/h3>\n<p>Otro de los antecedentes que maneja el ministerio es que de los 255 mil inscritos para rendir la PSU, este 3 y 4 de diciembre, s\u00f3lo 39.651 han postulado a los beneficios. Seg\u00fan explic\u00f3 Juan Jos\u00e9 Ugarte, jefe de Educacion Superior del Mineduc, para 2013 hay m\u00e1s ayudas disponibles y m\u00e1s recursos para ello, por lo que la baja de interesados es considerada como hist\u00f3rica a una semana del t\u00e9rmino del proceso. Asi, en 2012 hubo 94 mil becas disponibles, y para 2013 hay 121 mil de estas ayudas.<br \/>\nCon respecto a las posibilidades que tienen los j\u00f3venes de m\u00e1s bajos recursos de acceder a las becas, el funcionario plante\u00f3 que, este a\u00f1o, cuatro de cada cinco estudiantes de los tres primeros quintiles recibi\u00f3 beneficios.<br \/>\nLos potenciales alumnos de primer a\u00f1o tienen la posibilidad de optar a 121 mil cupos para becas, de las cuales la mitad est\u00e1 destinada a la educaci\u00f3n t\u00e9cnico-profesional, y la otra parte, a la universitaria. Adem\u00e1s, hay 113 mil cr\u00e9ditos, considerando fondo solidario y cr\u00e9dito con aval del Estado.<\/p>\n<h3><span class=\"ez-toc-section\" id=\"Becas_2013\"><\/span><strong>Becas 2013<\/strong><span class=\"ez-toc-section-end\"><\/span><\/h3>\n<p>A continuacion, le acercamos las diversas <strong>becas 2013<\/strong> ofrecidas en Chile, para que pueda acceder a toda la informaci\u00f3n a tan solo un click<\/p>\n<ul>\n<li><a href=\"http:\/\/becascreditos.cl\/becas-del-conicyt-en-etapa-de-postulacion.html\" target=\"_blank\" rel=\"noopener\"><strong>Becas CONICYT<\/strong><\/a><\/li>\n<li><a href=\"http:\/\/becascreditos.cl\/becas-corfo.html\" target=\"_blank\" rel=\"noopener\"><strong>Becas CORFO <\/strong><\/a><\/li>\n<li><a href=\"http:\/\/becascreditos.cl\/beca-baes.html\" target=\"_blank\" rel=\"noopener\"><strong>Beca de Alimentaci\u00f3n para la Educaci\u00f3n Superior<\/strong><\/a> <strong>BAES<\/strong><\/li>\n<li><a href=\"http:\/\/becascreditos.cl\/inscripcion-a-beca-de-apoyo-a-la-retencion-escolar.html\" target=\"_blank\" rel=\"noopener\"><strong>Beca de Apoyo a la Retenci\u00f3n Escolar<\/strong><\/a><\/li>\n<li><a href=\"http:\/\/becascreditos.cl\/beca-media-superior.html\" target=\"_blank\" rel=\"noopener\"><strong>Beca de Mantenci\u00f3n para la Educaci\u00f3n Superior<\/strong><\/a><\/li>\n<li><a href=\"http:\/\/becascreditos.cl\/becas-educacion-superior.html\" target=\"_blank\" rel=\"noopener\"><strong>Becas Educacion Superior<\/strong><\/a><\/li>\n<li><strong><a href=\"http:\/\/becascreditos.cl\/beca-indigena.html\" target=\"_blank\" rel=\"noopener\">Beca Ind\u00edgena<\/a><\/strong><\/li>\n<li><a href=\"http:\/\/becascreditos.cl\/postulacion-a-becas-de-junaeb-hasta-el-1-de-abril.html\" target=\"_blank\" rel=\"noopener\"><strong>Beca Integraci\u00f3n Territorial<\/strong><\/a><\/li>\n<li><a href=\"http:\/\/becascreditos.cl\/becas-junaeb-2012.html\" target=\"_blank\" rel=\"noopener\"><strong>Becas Junaeb<\/strong><\/a><\/li>\n<li><a href=\"http:\/\/becascreditos.cl\/beca-media-superior.html\" target=\"_blank\" rel=\"noopener\"><strong>Beca Media Superior<\/strong><\/a><\/li>\n<li><a href=\"http:\/\/becascreditos.cl\/beca-milenio.html\" target=\"_blank\" rel=\"noopener\"><strong>Beca Milenio<\/strong><\/a><\/li>\n<li><a href=\"http:\/\/becascreditos.cl\/beca-nuevo-milenio.html\" target=\"_blank\" rel=\"noopener\"><strong>Beca Nuevo Milenio<\/strong><\/a><\/li>\n<li><a href=\"http:\/\/becascreditos.cl\/becas-para-estudios-de-doctorado-en-chile-ano-academico-2012.html\" target=\"_blank\" rel=\"noopener\"><strong>Becas para Estudio de Doctorado en Chile<\/strong><\/a><\/li>\n<li><strong><a href=\"http:\/\/becascreditos.cl\/becas-para-estudiar-ingles-en-el-extranjero.html\" target=\"_blank\" rel=\"noopener\">Becas para Estudio de Ingles en el extranjero<\/a><br \/>\n<\/strong><\/li>\n<li><a href=\"http:\/\/becascreditos.cl\/becas-para-estudios-de-magister-en-chile-ano-academico-2012.html\" target=\"_blank\" rel=\"noopener\"><strong>Becas para Estudio de Magister en Chile<\/strong><\/a><\/li>\n<li><a href=\"http:\/\/becascreditos.cl\/becas-de-magister-en-el-extranjero-para-profesionales-de-la-educacion-becas-chile-hasta-el-12-de-octubre.html\" target=\"_blank\" rel=\"noopener\"><strong>Becas para Estudio de Magister en el extranjero<\/strong><\/a><\/li>\n<li><a href=\"http:\/\/becascreditos.cl\/becas-para-pregrado.html\" target=\"_blank\" rel=\"noopener\"><strong>Becas para Posgrados<\/strong><\/a><\/li>\n<li><strong><a href=\"http:\/\/becascreditos.cl\/becas-para-programas-de-intercambio.html\" target=\"_blank\" rel=\"noopener\">Becas para Programas de Intercambio<\/a><br \/>\n<\/strong><\/li>\n<li><a href=\"http:\/\/becascreditos.cl\/psu-inscripcion-desde-el-1%c2%b0-de-junio.html\" target=\"_blank\" rel=\"noopener\"><strong>Becas para PSU<\/strong><\/a><\/li>\n<li><strong><a href=\"http:\/\/becascreditos.cl\/becas-para-tecnicos.html\" target=\"_blank\" rel=\"noopener\">Becas para tecnicos<\/a><\/strong><\/li>\n<li><strong><a href=\"http:\/\/becascreditos.cl\/anuncian-creacion-de-beca-patagonia.html\" target=\"_blank\" rel=\"noopener\">Beca Patagonia<\/a><br \/>\n<\/strong><\/li>\n<li><a href=\"http:\/\/becascreditos.cl\/beca-vocacion-de-profesor.html\" target=\"_blank\" rel=\"noopener\"><strong>Becas Vocacion del Profesor <\/strong><\/a><\/li>\n<\/ul>\n<h3><span class=\"ez-toc-section\" id=\"Becas_por_Universidad\"><\/span><strong>Becas por Universidad<\/strong><span class=\"ez-toc-section-end\"><\/span><\/h3>\n<p>A continuacion, le acercamos las Becas ofrecidas por las distintas universidades<\/p>\n<ul>\n<li><strong><a title=\"Permanent Link to Becas en la Universidad de las Americas\" href=\"http:\/\/becascreditos.cl\/becas-en-la-universidad-de-las-americas.html\" rel=\"bookmark noopener\" target=\"_blank\">Becas en la Universidad de las Americas<\/a><\/strong><\/li>\n<li><strong><a title=\"Permanent Link to Becas en la USACH\" href=\"http:\/\/becascreditos.cl\/becas-en-la-usach.html\" rel=\"bookmark noopener\" target=\"_blank\">Becas en la USACH<\/a><\/strong><\/li>\n<li><strong><a title=\"Permanent Link to Becas en la PUC Valparaiso\" href=\"http:\/\/becascreditos.cl\/becas-en-la-puc-valparaiso.html\" rel=\"bookmark noopener\" target=\"_blank\">Becas en la PUC Valparaiso<\/a><\/strong><\/li>\n<li><strong><a title=\"Permanent Link to Becas en la UAI\" href=\"http:\/\/becascreditos.cl\/becas-en-la-uai.html\" rel=\"bookmark noopener\" target=\"_blank\">Becas en la UAI<\/a><\/strong><\/li>\n<li><strong><a title=\"Permanent Link to Becas en la Universidad de Chile\" href=\"http:\/\/becascreditos.cl\/becas-en-la-universidad-de-chile.html\" rel=\"bookmark noopener\" target=\"_blank\">Becas en la Universidad de Chile<\/a><\/strong><\/li>\n<li><strong><a title=\"Permanent Link to Becas en la PUC\" href=\"http:\/\/becascreditos.cl\/becas-en-la-puc.html\" rel=\"bookmark noopener\" target=\"_blank\">Becas en la PUC<\/a><\/strong><\/li>\n<li><strong><a title=\"Permanent Link to Becas en la Universidad Mayor\" href=\"http:\/\/becascreditos.cl\/becas-en-la-universidad-mayor.html\" rel=\"bookmark noopener\" target=\"_blank\">Becas en la Universidad Mayor<\/a><\/strong><\/li>\n<li><strong><a title=\"Permanent Link to Becas en la Universidad de Concepcion\" href=\"http:\/\/becascreditos.cl\/becas-en-la-universidad-de-concepcion.html\" rel=\"bookmark noopener\" target=\"_blank\">Becas en la Universidad de Concepcion<\/a><\/strong><\/li>\n<li><strong><a title=\"Permanent Link to Becas en Universidad Austral\" href=\"http:\/\/becascreditos.cl\/becas-en-universidad-austral.html\" rel=\"bookmark noopener\" target=\"_blank\">Becas en Universidad Austral<\/a><\/strong><\/li>\n<li><strong><a title=\"Permanent Link to Becas en la Universidad de Talca\" href=\"http:\/\/becascreditos.cl\/becas-en-la-universidad-de-talca.html\" rel=\"bookmark noopener\" target=\"_blank\">Becas en la Universidad de Talca<\/a><\/strong><\/li>\n<\/ul>\n","protected":false},"excerpt":{"rendered":"<div class=\"mh-excerpt\"><p>Si bien la naturaleza humana nos indica, en su mayoria, que todo debemos hacerlo a \u00faltimo momento, lo cierto que esto no est\u00e1 bien, y <a class=\"mh-excerpt-more\" href=\"https:\/\/quieromibeca.com\/chile\/becas-2013-ultimos-dias-para-postularse-a-becas-y-creditos-en-chile\/\" title=\"Becas 2013: Ultimos dias para postularse a becas y cr\u00e9ditos en Chile\">[&#8230;]<\/a><\/p>\n<\/div>","protected":false},"author":1,"featured_media":0,"comment_status":"open","ping_status":"open","sticky":false,"template":"","format":"standard","meta":{"jetpack_post_was_ever_published":false,"_jetpack_newsletter_access":"","_jetpack_dont_email_post_to_subs":false,"_jetpack_newsletter_tier_id":0,"_jetpack_memberships_contains_paywalled_content":false,"_jetpack_memberships_contains_paid_content":false,"footnotes":"","jetpack_publicize_message":"","jetpack_publicize_feature_enabled":true,"jetpack_social_post_already_shared":false,"jetpack_social_options":{"image_generator_settings":{"template":"highway","default_image_id":0,"font":"","enabled":false},"version":2}},"categories":[65],"tags":[217],"class_list":["post-2865","post","type-post","status-publish","format-standard","hentry","category-portada","tag-becas-2013"],"jetpack_publicize_connections":[],"jetpack_featured_media_url":"","jetpack-related-posts":[{"id":2870,"url":"https:\/\/quieromibeca.com\/chile\/se-extiende-el-plazo-para-postular-a-las-becas-y-creditos-para-el-ano-2013\/","url_meta":{"origin":2865,"position":0},"title":"Se extiende el plazo para postular a las becas y cr\u00e9ditos para el a\u00f1o 2013","author":"Fabian Sinibaldi","date":"27 noviembre, 2012","format":false,"excerpt":"Veniamos comentando el hecho de que la postulaci\u00f3n a becas y cr\u00e9ditos ven\u00eda muy lenta este a\u00f1o. Como consecuencia de ello, el ministerio de Educaci\u00f3n anunci\u00f3 esta ma\u00f1ana que el plazo para postular a cr\u00e9ditos y becas para la educaci\u00f3n superior, que venc\u00eda hoy, se ampliar\u00e1 hasta el pr\u00f3ximo jueves\u2026","rel":"","context":"En &quot;Bloggers&quot;","block_context":{"text":"Bloggers","link":"https:\/\/quieromibeca.com\/chile\/category\/bloggers-2\/"},"img":{"alt_text":"","src":"","width":0,"height":0},"classes":[]},{"id":6559,"url":"https:\/\/quieromibeca.com\/chile\/la-semana-que-viene-comienza-la-postulacion-al-fuas-2024-todo-lo-que-necesitas-saber\/","url_meta":{"origin":2865,"position":1},"title":"La Semana que Viene Comienza la Postulaci\u00f3n al FUAS 2024: Todo lo que Necesitas Saber","author":"Fabian Sinibaldi","date":"27 septiembre, 2024","format":false,"excerpt":"La semana que viene se abre la esperada postulaci\u00f3n al FUAS 2024, una oportunidad clave para los estudiantes chilenos que desean acceder a beneficios estatales para financiar su educaci\u00f3n superior. Si te est\u00e1s preparando para continuar tus estudios en 2025, el Formulario \u00danico de Acreditaci\u00f3n Socioecon\u00f3mica (FUAS) es tu puerta\u2026","rel":"","context":"En &quot;Sin categor\u00eda&quot;","block_context":{"text":"Sin categor\u00eda","link":"https:\/\/quieromibeca.com\/chile\/category\/sin-categoria\/"},"img":{"alt_text":"FUAS 2024 fechas","src":"https:\/\/i0.wp.com\/quieromibeca.com\/chile\/wp-content\/uploads\/2024\/09\/fuas-2024-fecha.png?fit=1200%2C722&ssl=1&resize=350%2C200","width":350,"height":200,"srcset":"https:\/\/i0.wp.com\/quieromibeca.com\/chile\/wp-content\/uploads\/2024\/09\/fuas-2024-fecha.png?fit=1200%2C722&ssl=1&resize=350%2C200 1x, https:\/\/i0.wp.com\/quieromibeca.com\/chile\/wp-content\/uploads\/2024\/09\/fuas-2024-fecha.png?fit=1200%2C722&ssl=1&resize=525%2C300 1.5x, https:\/\/i0.wp.com\/quieromibeca.com\/chile\/wp-content\/uploads\/2024\/09\/fuas-2024-fecha.png?fit=1200%2C722&ssl=1&resize=700%2C400 2x, https:\/\/i0.wp.com\/quieromibeca.com\/chile\/wp-content\/uploads\/2024\/09\/fuas-2024-fecha.png?fit=1200%2C722&ssl=1&resize=1050%2C600 3x"},"classes":[]},{"id":3505,"url":"https:\/\/quieromibeca.com\/chile\/comienzan-las-fechas-de-postulacion-para-las-becas-2021\/","url_meta":{"origin":2865,"position":2},"title":"Comienzan las fechas de postulaci\u00f3n para las becas 2021","author":"Fabian Sinibaldi","date":"22 octubre, 2020","format":false,"excerpt":"El Martes 20 de Octubre el Ministerio de Educaci\u00f3n inici\u00f3 el proceso de postulaci\u00f3n a la gratuidad, becas y cr\u00e9ditos para la Educaci\u00f3n Superior 2021, el cual se extender\u00e1 hasta las 14:00 horas del 17 de noviembre. \u00bfPara que sirve la postulaci\u00f3n? En este proceso los estudiantes que el pr\u00f3ximo\u2026","rel":"","context":"En &quot;Sin categor\u00eda&quot;","block_context":{"text":"Sin categor\u00eda","link":"https:\/\/quieromibeca.com\/chile\/category\/sin-categoria\/"},"img":{"alt_text":"","src":"https:\/\/i0.wp.com\/quieromibeca.com\/chile\/wp-content\/uploads\/2020\/10\/fuas-2020.jpg?fit=800%2C480&ssl=1&resize=350%2C200","width":350,"height":200,"srcset":"https:\/\/i0.wp.com\/quieromibeca.com\/chile\/wp-content\/uploads\/2020\/10\/fuas-2020.jpg?fit=800%2C480&ssl=1&resize=350%2C200 1x, https:\/\/i0.wp.com\/quieromibeca.com\/chile\/wp-content\/uploads\/2020\/10\/fuas-2020.jpg?fit=800%2C480&ssl=1&resize=525%2C300 1.5x, https:\/\/i0.wp.com\/quieromibeca.com\/chile\/wp-content\/uploads\/2020\/10\/fuas-2020.jpg?fit=800%2C480&ssl=1&resize=700%2C400 2x"},"classes":[]},{"id":4787,"url":"https:\/\/quieromibeca.com\/chile\/cuando-se-postula-al-fuas-2025-fecha-oficial\/","url_meta":{"origin":2865,"position":3},"title":"\u00bfCu\u00e1ndo se postula al FUAS 2026? Fecha Oficial","author":"Fabian Sinibaldi","date":"1 enero, 2026","format":false,"excerpt":"El Formulario \u00danico de Acreditaci\u00f3n Socioecon\u00f3mica (FUAS) es un documento clave para postular a las becas y ayudas estudiantiles que ofrece el Estado chileno. Para el a\u00f1o 2026, el proceso de postulaci\u00f3n al FUAS es crucial para todos los estudiantes que deseen acceder a beneficios como becas, cr\u00e9ditos y ayudas,\u2026","rel":"","context":"En &quot;Sin categor\u00eda&quot;","block_context":{"text":"Sin categor\u00eda","link":"https:\/\/quieromibeca.com\/chile\/category\/sin-categoria\/"},"img":{"alt_text":"postulacion becas 2025","src":"https:\/\/i0.wp.com\/quieromibeca.com\/chile\/wp-content\/uploads\/2024\/09\/postulacion-becas-2025.png?fit=724%2C469&ssl=1&resize=350%2C200","width":350,"height":200,"srcset":"https:\/\/i0.wp.com\/quieromibeca.com\/chile\/wp-content\/uploads\/2024\/09\/postulacion-becas-2025.png?fit=724%2C469&ssl=1&resize=350%2C200 1x, https:\/\/i0.wp.com\/quieromibeca.com\/chile\/wp-content\/uploads\/2024\/09\/postulacion-becas-2025.png?fit=724%2C469&ssl=1&resize=525%2C300 1.5x, https:\/\/i0.wp.com\/quieromibeca.com\/chile\/wp-content\/uploads\/2024\/09\/postulacion-becas-2025.png?fit=724%2C469&ssl=1&resize=700%2C400 2x"},"classes":[]},{"id":4793,"url":"https:\/\/quieromibeca.com\/chile\/20-preguntas-frecuentes-fuas-2025\/","url_meta":{"origin":2865,"position":4},"title":"20 Preguntas Frecuentes FUAS 2026","author":"Fabian Sinibaldi","date":"1 enero, 2026","format":false,"excerpt":"El Formulario \u00danico de Acreditaci\u00f3n Socioecon\u00f3mica (FUAS) es el mecanismo a trav\u00e9s del cual los estudiantes pueden postularse a beneficios para la educaci\u00f3n superior, tales como becas, gratuidad o cr\u00e9ditos. Al postularse, todo el mundo tiene preguntas. Pues aqu\u00ed te traemos 20 Preguntas Frecuentes FUAS 2026. 20 Preguntas Frecuentes FUAS\u2026","rel":"","context":"En &quot;FUAS&quot;","block_context":{"text":"FUAS","link":"https:\/\/quieromibeca.com\/chile\/category\/fuas\/"},"img":{"alt_text":"postulacion becas fuas 2025","src":"https:\/\/i0.wp.com\/quieromibeca.com\/chile\/wp-content\/uploads\/2024\/09\/postulacion-becas-fuas-2025.png?fit=1170%2C425&ssl=1&resize=350%2C200","width":350,"height":200,"srcset":"https:\/\/i0.wp.com\/quieromibeca.com\/chile\/wp-content\/uploads\/2024\/09\/postulacion-becas-fuas-2025.png?fit=1170%2C425&ssl=1&resize=350%2C200 1x, https:\/\/i0.wp.com\/quieromibeca.com\/chile\/wp-content\/uploads\/2024\/09\/postulacion-becas-fuas-2025.png?fit=1170%2C425&ssl=1&resize=525%2C300 1.5x, https:\/\/i0.wp.com\/quieromibeca.com\/chile\/wp-content\/uploads\/2024\/09\/postulacion-becas-fuas-2025.png?fit=1170%2C425&ssl=1&resize=700%2C400 2x, https:\/\/i0.wp.com\/quieromibeca.com\/chile\/wp-content\/uploads\/2024\/09\/postulacion-becas-fuas-2025.png?fit=1170%2C425&ssl=1&resize=1050%2C600 3x"},"classes":[]},{"id":6645,"url":"https:\/\/quieromibeca.com\/chile\/ultimos-dias-para-postular-al-fuas-2025\/","url_meta":{"origin":2865,"position":5},"title":"\u00a1\u00daltimos D\u00edas para Postular al FUAS 2026!","author":"Fabian Sinibaldi","date":"21 octubre, 2024","format":false,"excerpt":"El Formulario \u00danico de Acreditaci\u00f3n Socioecon\u00f3mica (FUAS 2026) es un paso esencial para todos aquellos estudiantes en Chile que buscan acceder a beneficios estudiantiles, como la gratuidad, becas y cr\u00e9ditos para la educaci\u00f3n superior. Con la fecha l\u00edmite de postulaci\u00f3n acerc\u00e1ndose r\u00e1pidamente, es importante que los postulantes se aseguren de\u2026","rel":"","context":"En &quot;Sin categor\u00eda&quot;","block_context":{"text":"Sin categor\u00eda","link":"https:\/\/quieromibeca.com\/chile\/category\/sin-categoria\/"},"img":{"alt_text":"FUAS 2025","src":"https:\/\/i0.wp.com\/quieromibeca.com\/chile\/wp-content\/uploads\/2024\/10\/Captura-de-pantalla-2024-10-21-094700.png?fit=749%2C488&ssl=1&resize=350%2C200","width":350,"height":200,"srcset":"https:\/\/i0.wp.com\/quieromibeca.com\/chile\/wp-content\/uploads\/2024\/10\/Captura-de-pantalla-2024-10-21-094700.png?fit=749%2C488&ssl=1&resize=350%2C200 1x, https:\/\/i0.wp.com\/quieromibeca.com\/chile\/wp-content\/uploads\/2024\/10\/Captura-de-pantalla-2024-10-21-094700.png?fit=749%2C488&ssl=1&resize=525%2C300 1.5x, https:\/\/i0.wp.com\/quieromibeca.com\/chile\/wp-content\/uploads\/2024\/10\/Captura-de-pantalla-2024-10-21-094700.png?fit=749%2C488&ssl=1&resize=700%2C400 2x"},"classes":[]}],"jetpack_sharing_enabled":true,"jetpack_likes_enabled":true,"_links":{"self":[{"href":"https:\/\/quieromibeca.com\/chile\/wp-json\/wp\/v2\/posts\/2865","targetHints":{"allow":["GET"]}}],"collection":[{"href":"https:\/\/quieromibeca.com\/chile\/wp-json\/wp\/v2\/posts"}],"about":[{"href":"https:\/\/quieromibeca.com\/chile\/wp-json\/wp\/v2\/types\/post"}],"author":[{"embeddable":true,"href":"https:\/\/quieromibeca.com\/chile\/wp-json\/wp\/v2\/users\/1"}],"replies":[{"embeddable":true,"href":"https:\/\/quieromibeca.com\/chile\/wp-json\/wp\/v2\/comments?post=2865"}],"version-history":[{"count":2,"href":"https:\/\/quieromibeca.com\/chile\/wp-json\/wp\/v2\/posts\/2865\/revisions"}],"predecessor-version":[{"id":6237,"href":"https:\/\/quieromibeca.com\/chile\/wp-json\/wp\/v2\/posts\/2865\/revisions\/6237"}],"wp:attachment":[{"href":"https:\/\/quieromibeca.com\/chile\/wp-json\/wp\/v2\/media?parent=2865"}],"wp:term":[{"taxonomy":"category","embeddable":true,"href":"https:\/\/quieromibeca.com\/chile\/wp-json\/wp\/v2\/categories?post=2865"},{"taxonomy":"post_tag","embeddable":true,"href":"https:\/\/quieromibeca.com\/chile\/wp-json\/wp\/v2\/tags?post=2865"}],"curies":[{"name":"wp","href":"https:\/\/api.w.org\/{rel}","templated":true}]}}