{"id":1,"date":"2012-11-15T11:12:34","date_gmt":"2012-11-15T11:12:34","guid":{"rendered":"http:\/\/financialred.cl\/?p=1"},"modified":"2012-11-15T11:12:34","modified_gmt":"2012-11-15T11:12:34","slug":"hola-mundo","status":"publish","type":"post","link":"https:\/\/quieromibeca.com\/chile\/hola-mundo\/","title":{"rendered":"\u00a1Hola mundo!"},"content":{"rendered":"<p>Bienvenido a WordPress. Esta es tu primera entrada. Ed\u00edtala o b\u00f3rrala, \u00a1y comienza a publicar!.<\/p>\n","protected":false},"excerpt":{"rendered":"<div class=\"mh-excerpt\"><p>Bienvenido a WordPress. Esta es tu primera entrada. Ed\u00edtala o b\u00f3rrala, \u00a1y comienza a publicar!.<\/p>\n<\/div>","protected":false},"author":1,"featured_media":0,"comment_status":"open","ping_status":"open","sticky":false,"template":"","format":"standard","meta":{"jetpack_post_was_ever_published":false,"_jetpack_newsletter_access":"","_jetpack_dont_email_post_to_subs":false,"_jetpack_newsletter_tier_id":0,"_jetpack_memberships_contains_paywalled_content":false,"_jetpack_memberships_contains_paid_content":false,"footnotes":"","jetpack_publicize_message":"","jetpack_publicize_feature_enabled":true,"jetpack_social_post_already_shared":false,"jetpack_social_options":{"image_generator_settings":{"template":"highway","default_image_id":0,"font":"","enabled":false},"version":2}},"categories":[1],"tags":[],"class_list":["post-1","post","type-post","status-publish","format-standard","hentry","category-sin-categoria"],"jetpack_publicize_connections":[],"jetpack_featured_media_url":"","jetpack-related-posts":[{"id":777,"url":"https:\/\/quieromibeca.com\/chile\/dias-feriados-en-chile-2014\/","url_meta":{"origin":1,"position":0},"title":"D\u00edas feriados en Chile 2014","author":"Fabian Sinibaldi","date":"31 agosto, 2013","format":false,"excerpt":"Los d\u00edas Feriados en el Calendario 2014 en Chile sirven adem\u00e1s de para celebrar o conmemorar seg\u00fan la fecha, para pasarla en familia y para viajar dentro o fuera de Chile. Desde aqu\u00ed les ofrecemos el Calendario de D\u00edas feriados en Chile 2014 para que tomen apuntes y planifiquen alg\u00fan\u2026","rel":"","context":"En &quot;Bloggers&quot;","block_context":{"text":"Bloggers","link":"https:\/\/quieromibeca.com\/chile\/category\/bloggers-2\/"},"img":{"alt_text":"","src":"","width":0,"height":0},"classes":[]},{"id":6567,"url":"https:\/\/quieromibeca.com\/chile\/manana-comienza-la-postulacion-al-fuas\/","url_meta":{"origin":1,"position":1},"title":"Ma\u00f1ana comienza la postulaci\u00f3n al FUAS: todo lo que necesitas saber","author":"Fabian Sinibaldi","date":"30 septiembre, 2024","format":false,"excerpt":"El Formulario \u00danico de Acreditaci\u00f3n Socioecon\u00f3mica (FUAS) abre nuevamente su periodo de postulaci\u00f3n para este a\u00f1o 2024, ofreciendo a los estudiantes la oportunidad de acceder a una amplia gama de beneficios y financiamientos que permiten la continuidad de estudios superiores en Chile. Este formulario es crucial para quienes buscan acceder\u2026","rel":"","context":"En &quot;Sin categor\u00eda&quot;","block_context":{"text":"Sin categor\u00eda","link":"https:\/\/quieromibeca.com\/chile\/category\/sin-categoria\/"},"img":{"alt_text":"Comienza la Postulaci\u00f3n al FUAS 2024 2025","src":"https:\/\/i0.wp.com\/quieromibeca.com\/chile\/wp-content\/uploads\/2024\/09\/fuas-2025.png?fit=801%2C480&ssl=1&resize=350%2C200","width":350,"height":200,"srcset":"https:\/\/i0.wp.com\/quieromibeca.com\/chile\/wp-content\/uploads\/2024\/09\/fuas-2025.png?fit=801%2C480&ssl=1&resize=350%2C200 1x, https:\/\/i0.wp.com\/quieromibeca.com\/chile\/wp-content\/uploads\/2024\/09\/fuas-2025.png?fit=801%2C480&ssl=1&resize=525%2C300 1.5x, https:\/\/i0.wp.com\/quieromibeca.com\/chile\/wp-content\/uploads\/2024\/09\/fuas-2025.png?fit=801%2C480&ssl=1&resize=700%2C400 2x"},"classes":[]},{"id":1550,"url":"https:\/\/quieromibeca.com\/chile\/ebola-en-chile-medidas-sanitarias\/","url_meta":{"origin":1,"position":2},"title":"Ebola en Chile medidas sanitarias","author":"Fabian Sinibaldi","date":"20 agosto, 2014","format":false,"excerpt":"El \u00e9bola en Chile y en Am\u00e9rica Latina proyecta preguntas, dudas e incertidumbre, sobre las medidas ante un eventual brote del \u00e9bola. El \u00e9bola se trata de un mortal virus -para lo que no existe una vacuna-que por ahora permanece dentro de las fronteras del continente africano y que no\u2026","rel":"","context":"En &quot;Bloggers&quot;","block_context":{"text":"Bloggers","link":"https:\/\/quieromibeca.com\/chile\/category\/bloggers-2\/"},"img":{"alt_text":"","src":"","width":0,"height":0},"classes":[]},{"id":1580,"url":"https:\/\/quieromibeca.com\/chile\/entradas-early-bird-lollapalooza-chile-2015\/","url_meta":{"origin":1,"position":3},"title":"Entradas Early Bird Lollapalooza Chile 2015","author":"Fabian Sinibaldi","date":"19 septiembre, 2014","format":false,"excerpt":"Los chilenos estar\u00e1n de parabienes en 2015 ya que Foo Fighters ya confirm\u00f3 su nuevo concierto en Chile en 2015 ser\u00e1 en Enero 2015, as\u00ed lo anunci\u00f3 la banda norteamericana en su sitio web, brindar\u00e1 un concierto en Chile el 15 de Enero. Los fans chilenos y de la regi\u00f3n\u2026","rel":"","context":"En &quot;Bloggers&quot;","block_context":{"text":"Bloggers","link":"https:\/\/quieromibeca.com\/chile\/category\/bloggers-2\/"},"img":{"alt_text":"","src":"","width":0,"height":0},"classes":[]},{"id":6559,"url":"https:\/\/quieromibeca.com\/chile\/la-semana-que-viene-comienza-la-postulacion-al-fuas-2024-todo-lo-que-necesitas-saber\/","url_meta":{"origin":1,"position":4},"title":"La Semana que Viene Comienza la Postulaci\u00f3n al FUAS 2024: Todo lo que Necesitas Saber","author":"Fabian Sinibaldi","date":"27 septiembre, 2024","format":false,"excerpt":"La semana que viene se abre la esperada postulaci\u00f3n al FUAS 2024, una oportunidad clave para los estudiantes chilenos que desean acceder a beneficios estatales para financiar su educaci\u00f3n superior. Si te est\u00e1s preparando para continuar tus estudios en 2025, el Formulario \u00danico de Acreditaci\u00f3n Socioecon\u00f3mica (FUAS) es tu puerta\u2026","rel":"","context":"En &quot;Sin categor\u00eda&quot;","block_context":{"text":"Sin categor\u00eda","link":"https:\/\/quieromibeca.com\/chile\/category\/sin-categoria\/"},"img":{"alt_text":"FUAS 2024 fechas","src":"https:\/\/i0.wp.com\/quieromibeca.com\/chile\/wp-content\/uploads\/2024\/09\/fuas-2024-fecha.png?fit=1200%2C722&ssl=1&resize=350%2C200","width":350,"height":200,"srcset":"https:\/\/i0.wp.com\/quieromibeca.com\/chile\/wp-content\/uploads\/2024\/09\/fuas-2024-fecha.png?fit=1200%2C722&ssl=1&resize=350%2C200 1x, https:\/\/i0.wp.com\/quieromibeca.com\/chile\/wp-content\/uploads\/2024\/09\/fuas-2024-fecha.png?fit=1200%2C722&ssl=1&resize=525%2C300 1.5x, https:\/\/i0.wp.com\/quieromibeca.com\/chile\/wp-content\/uploads\/2024\/09\/fuas-2024-fecha.png?fit=1200%2C722&ssl=1&resize=700%2C400 2x, https:\/\/i0.wp.com\/quieromibeca.com\/chile\/wp-content\/uploads\/2024\/09\/fuas-2024-fecha.png?fit=1200%2C722&ssl=1&resize=1050%2C600 3x"},"classes":[]},{"id":261,"url":"https:\/\/quieromibeca.com\/chile\/beca-tic-2020-como-saber-si-recibiras-las-computadoras-gratis-de-junaeb\/","url_meta":{"origin":1,"position":5},"title":"Beca TIC 2020: Como saber si recibiras las Computadoras gratis de JUNAEB","author":"Fabian Sinibaldi","date":"28 abril, 2020","format":false,"excerpt":"El\u00a0Ministerio de Educaci\u00f3n y Junaeb\u00a0anunciaron el adelanto de la entrega de computadores gratuitos, correspondientes a las\u00a0Becas de Tecnolog\u00edas de la Informaci\u00f3n y Comunicaci\u00f3n (TIC). Las becas van destinadas a estudiantes de s\u00e9ptimo b\u00e1sico de todo Chile, que cuenten con requisitos b\u00e1sicos dispuestos por las autoridades.\u00a0En total se entregar\u00e1n 122 mil\u2026","rel":"","context":"En &quot;Sin categor\u00eda&quot;","block_context":{"text":"Sin categor\u00eda","link":"https:\/\/quieromibeca.com\/chile\/category\/sin-categoria\/"},"img":{"alt_text":"","src":"https:\/\/i0.wp.com\/quieromibeca.com\/chile\/wp-content\/uploads\/2020\/04\/becas-tic-junaeb.png?fit=236%2C214&ssl=1&resize=350%2C200","width":350,"height":200},"classes":[]}],"jetpack_sharing_enabled":true,"jetpack_likes_enabled":true,"_links":{"self":[{"href":"https:\/\/quieromibeca.com\/chile\/wp-json\/wp\/v2\/posts\/1","targetHints":{"allow":["GET"]}}],"collection":[{"href":"https:\/\/quieromibeca.com\/chile\/wp-json\/wp\/v2\/posts"}],"about":[{"href":"https:\/\/quieromibeca.com\/chile\/wp-json\/wp\/v2\/types\/post"}],"author":[{"embeddable":true,"href":"https:\/\/quieromibeca.com\/chile\/wp-json\/wp\/v2\/users\/1"}],"replies":[{"embeddable":true,"href":"https:\/\/quieromibeca.com\/chile\/wp-json\/wp\/v2\/comments?post=1"}],"version-history":[{"count":0,"href":"https:\/\/quieromibeca.com\/chile\/wp-json\/wp\/v2\/posts\/1\/revisions"}],"wp:attachment":[{"href":"https:\/\/quieromibeca.com\/chile\/wp-json\/wp\/v2\/media?parent=1"}],"wp:term":[{"taxonomy":"category","embeddable":true,"href":"https:\/\/quieromibeca.com\/chile\/wp-json\/wp\/v2\/categories?post=1"},{"taxonomy":"post_tag","embeddable":true,"href":"https:\/\/quieromibeca.com\/chile\/wp-json\/wp\/v2\/tags?post=1"}],"curies":[{"name":"wp","href":"https:\/\/api.w.org\/{rel}","templated":true}]}}